{"id":4233,"date":"2025-07-20T16:21:38","date_gmt":"2025-07-20T15:21:38","guid":{"rendered":"https:\/\/www.kv-duedingen.ch\/web\/?p=4233"},"modified":"2025-08-03T10:26:17","modified_gmt":"2025-08-03T09:26:17","slug":"uebungsleiter-gesucht","status":"publish","type":"post","link":"https:\/\/www.kv-duedingen.ch\/web\/uebungsleiter-gesucht\/","title":{"rendered":"\u00dcbungsleiter gesucht"},"content":{"rendered":"\n<p>Im Kynologischen Verein D\u00fcdingen suchen wir dringend \u00dcbungsleiter f\u00fcr unsere verschiedenen Vereinsgruppen. Hast du bereits eine Ausbildung zum Hundetrainer gemacht? Oder hast du Erfahrung mit Hunden und kannst dir eine Weiterbildung zum Hundetrainer vorstellen? Wir sind ein kleines Team an motivierten \u00dcbungsleitern und freuen uns \u00fcber zus\u00e4tzliche Unterst\u00fctzung.&nbsp;<\/p>\n\n\n\n<p>Bei Interesse darfst du dich gerne bei Carine 079 748 71 00 melden.\u00a0<\/p>\n","protected":false},"excerpt":{"rendered":"<p>Im Kynologischen Verein D\u00fcdingen suchen wir dringend \u00dcbungsleiter f\u00fcr unsere verschiedenen Vereinsgruppen. Hast du bereits eine Ausbildung zum Hundetrainer gemacht? Oder hast du Erfahrung mit Hunden und kannst dir eine Weiterbildung zum Hundetrainer vorstellen? Wir sind ein kleines Team an &hellip; <a href=\"https:\/\/www.kv-duedingen.ch\/web\/uebungsleiter-gesucht\/\">Weiterlesen <span class=\"meta-nav\">&rarr;<\/span><\/a><\/p>\n","protected":false},"author":238,"featured_media":0,"comment_status":"closed","ping_status":"","sticky":false,"template":"","format":"standard","meta":{"footnotes":""},"categories":[1],"tags":[],"class_list":["post-4233","post","type-post","status-publish","format-standard","hentry","category-allgemein"],"_links":{"self":[{"href":"https:\/\/www.kv-duedingen.ch\/web\/wp-json\/wp\/v2\/posts\/4233","targetHints":{"allow":["GET"]}}],"collection":[{"href":"https:\/\/www.kv-duedingen.ch\/web\/wp-json\/wp\/v2\/posts"}],"about":[{"href":"https:\/\/www.kv-duedingen.ch\/web\/wp-json\/wp\/v2\/types\/post"}],"author":[{"embeddable":true,"href":"https:\/\/www.kv-duedingen.ch\/web\/wp-json\/wp\/v2\/users\/238"}],"replies":[{"embeddable":true,"href":"https:\/\/www.kv-duedingen.ch\/web\/wp-json\/wp\/v2\/comments?post=4233"}],"version-history":[{"count":3,"href":"https:\/\/www.kv-duedingen.ch\/web\/wp-json\/wp\/v2\/posts\/4233\/revisions"}],"predecessor-version":[{"id":4245,"href":"https:\/\/www.kv-duedingen.ch\/web\/wp-json\/wp\/v2\/posts\/4233\/revisions\/4245"}],"wp:attachment":[{"href":"https:\/\/www.kv-duedingen.ch\/web\/wp-json\/wp\/v2\/media?parent=4233"}],"wp:term":[{"taxonomy":"category","embeddable":true,"href":"https:\/\/www.kv-duedingen.ch\/web\/wp-json\/wp\/v2\/categories?post=4233"},{"taxonomy":"post_tag","embeddable":true,"href":"https:\/\/www.kv-duedingen.ch\/web\/wp-json\/wp\/v2\/tags?post=4233"}],"curies":[{"name":"wp","href":"https:\/\/api.w.org\/{rel}","templated":true}]}}