{"id":2094,"date":"2020-08-15T13:53:25","date_gmt":"2020-08-15T12:53:25","guid":{"rendered":"http:\/\/www.kv-duedingen.ch\/web\/?p=2094"},"modified":"2025-01-05T16:53:09","modified_gmt":"2025-01-05T15:53:09","slug":"2094","status":"publish","type":"post","link":"https:\/\/www.kv-duedingen.ch\/web\/2094\/","title":{"rendered":"Vielen Dank f\u00fcr Dein Interesse am KV D\u00fcdingen"},"content":{"rendered":"\n<p class=\"has-text-align-left\"><strong>Wir w\u00fcnschen Dir viele, sch\u00f6ne Stunden mit Deinem Hund. <\/strong><\/p>\n\n\n\n<p class=\"has-text-align-left\">M\u00f6chtest Du mehr \u00fcber unser Angebot erfahren? <br>Kontaktiere uns: Carine Spicher, Tel: 079 748 71 00<\/p>\n\n\n\n<p class=\"has-text-align-left\">Wir freuen uns auf Dich und Deinen Vierbeiner!<\/p>\n\n\n\n<p class=\"has-text-align-left\">neue Daten f\u00fcr unsere <a href=\"https:\/\/www.kv-duedingen.ch\/web\/gruppen\/\" data-type=\"page\" data-id=\"10\">Gruppen und Kurse<\/a> f\u00fcrs 2025 sind aufgeschaltet. Bei Interesse melde dich gerne beim jeweiligen \u00dcbungsleiter.<\/p>\n\n\n\n<p class=\"has-text-align-left has-blue-color has-text-color\"><br><strong><a rel=\"noreferrer noopener\" href=\"https:\/\/www.kv-duedingen.ch\/web\/wp-content\/uploads\/2024\/09\/Aufnahmegesuch_KVD_ab2024.pdf\" target=\"_blank\">Formular Mitgliederantrag<\/a><\/strong><\/p>\n","protected":false},"excerpt":{"rendered":"<p>Wir w\u00fcnschen Dir viele, sch\u00f6ne Stunden mit Deinem Hund. M\u00f6chtest Du mehr \u00fcber unser Angebot erfahren? Kontaktiere uns: Carine Spicher, Tel: 079 748 71 00 Wir freuen uns auf Dich und Deinen Vierbeiner! neue Daten f\u00fcr unsere Gruppen und Kurse &hellip; <a href=\"https:\/\/www.kv-duedingen.ch\/web\/2094\/\">Weiterlesen <span class=\"meta-nav\">&rarr;<\/span><\/a><\/p>\n","protected":false},"author":237,"featured_media":0,"comment_status":"closed","ping_status":"closed","sticky":true,"template":"","format":"standard","meta":{"footnotes":""},"categories":[1],"tags":[],"class_list":["post-2094","post","type-post","status-publish","format-standard","hentry","category-allgemein"],"_links":{"self":[{"href":"https:\/\/www.kv-duedingen.ch\/web\/wp-json\/wp\/v2\/posts\/2094","targetHints":{"allow":["GET"]}}],"collection":[{"href":"https:\/\/www.kv-duedingen.ch\/web\/wp-json\/wp\/v2\/posts"}],"about":[{"href":"https:\/\/www.kv-duedingen.ch\/web\/wp-json\/wp\/v2\/types\/post"}],"author":[{"embeddable":true,"href":"https:\/\/www.kv-duedingen.ch\/web\/wp-json\/wp\/v2\/users\/237"}],"replies":[{"embeddable":true,"href":"https:\/\/www.kv-duedingen.ch\/web\/wp-json\/wp\/v2\/comments?post=2094"}],"version-history":[{"count":40,"href":"https:\/\/www.kv-duedingen.ch\/web\/wp-json\/wp\/v2\/posts\/2094\/revisions"}],"predecessor-version":[{"id":4166,"href":"https:\/\/www.kv-duedingen.ch\/web\/wp-json\/wp\/v2\/posts\/2094\/revisions\/4166"}],"wp:attachment":[{"href":"https:\/\/www.kv-duedingen.ch\/web\/wp-json\/wp\/v2\/media?parent=2094"}],"wp:term":[{"taxonomy":"category","embeddable":true,"href":"https:\/\/www.kv-duedingen.ch\/web\/wp-json\/wp\/v2\/categories?post=2094"},{"taxonomy":"post_tag","embeddable":true,"href":"https:\/\/www.kv-duedingen.ch\/web\/wp-json\/wp\/v2\/tags?post=2094"}],"curies":[{"name":"wp","href":"https:\/\/api.w.org\/{rel}","templated":true}]}}